{"id":57081,"date":"2023-05-22T00:00:00","date_gmt":"2023-05-21T23:00:00","guid":{"rendered":"https:\/\/theparishtrust.org.uk\/2023\/05\/caffi-caredig-set-i-ailagor-gyda-dasha-wrth-y-llyw\/"},"modified":"2023-05-22T11:57:46","modified_gmt":"2023-05-22T10:57:46","slug":"caffi-caredig-set-i-ailagor-gyda-dasha-wrth-y-llyw","status":"publish","type":"post","link":"https:\/\/theparishtrust.org.uk\/cy\/2023\/05\/caffi-caredig-set-i-ailagor-gyda-dasha-wrth-y-llyw\/","title":{"rendered":"Caffi Caredig ar fin Ail-agor gyda Dasha wrth y llyw!"},"content":{"rendered":"\n<p>Mae&#8217;n bleser gennym gyhoeddi y bydd Caffi Caredig, y trelar ceffyl wedi&#8217;i drawsnewid sy&#8217;n dod \u00e2 choffi, te a bwyd o ffynonellau moesegol i chi tra&#8217;n lleihau gwastraff, yn ailagor yn fuan iawn! Ar \u00f4l gwyliau\u2019r gaeaf, rydym yn awyddus i fynd yn \u00f4l ar y ffordd a gwasanaethu ein cymuned unwaith eto.<\/p>\n\n<!--more-->\n\n<p>Diolch i gefnogaeth hael ein cyllidwyr grant, mae Caffi Caredig yn barod i gyrraedd y strydoedd a pharhau \u00e2\u2019i r\u00f4l hanfodol wrth gynhyrchu incwm ar gyfer gwaith elusennol Ymddiriedolaeth y Plwyf. Tra&#8217;n cael ei leoli yn ein pencadlys presennol yn Trethomas, gall Caffi Caredig hefyd fod yn gwbl symudol a chael ei dynnu i ddigwyddiadau amrywiol, sy&#8217;n rhywbeth yr ydym yn hynod gyffrous yn ei gylch ac yn awyddus i&#8217;w archwilio yn y dyfodol.<\/p>\n\n<p>Ond nid dyna&#8217;r cyfan\u2014mae gennym ni newyddion gwych i&#8217;w rhannu. Mae\u2019n bleser gennym eich cyflwyno i Daria Znatkova, a adwaenir fel Dasha, a fydd yn arwain y t\u00e2l fel gweithredwr newydd Caffi Caredig. Mae Dasha, sy&#8217;n hanu o Wcr\u00e1in, wedi ymuno \u00e2&#8217;n t\u00eem yn ddiweddar ac mae&#8217;n dod \u00e2 chyfoeth o brofiad ac angerdd am goffi a chymuned gyda hi.<\/p>\n\n<p>Mae Dasha yn rhan o gymuned gynyddol o Ukrainians sydd wedi symud i Sir Caerffili ers y rhyfel, ac mae&#8217;n fraint ac yn fraint i ni chwarae rhan fach yn ei thaith o wneud Cymru yn gartref newydd iddi. Yn wyneb gwrthdaro parhaus, mae Ymddiriedolaeth y Plwyf yn sefyll gyda Dasha a Ukrainians eraill, gan gynnig ein cefnogaeth, undod, a chymorth i unrhyw un sydd ei angen.<\/p>\n\n<p>Ar \u00f4l rheoli t\u0177 coffi yn yr Wcrain yn flaenorol, mae arbenigedd a dawn unigryw Dasha yn si\u0175r o ddod \u00e2 newidiadau cyffrous i\u2019n bwydlen. Edrychwn ymlaen at weld sut mae hi&#8217;n trwytho ei steil a&#8217;i dylanwadau ei hun i arlwy Caffi Caredig. Byddwch yn barod i gychwyn ar antur goginiol sy&#8217;n cyfuno blasau Cymreig a Wcrain, gan greu asio hyfryd a fydd yn pryfocio&#8217;ch blasbwyntiau.<\/p>\n\n<p>Yn ogystal ag arddangos doniau Dasha, rydym yn bwriadu trefnu amrywiaeth o ddigwyddiadau a fydd nid yn unig yn codi proffil Ymddiriedolaeth y Plwyf ond hefyd yn gweithredu fel codwyr arian ar gyfer yr Wcrain. Bydd y digwyddiadau hyn yn rhoi cyfle i\u2019n cymuned ddod at ei gilydd, mwynhau danteithion blasus o Gaffi Caredig, a chyfrannu at achos ystyrlon.<\/p>\n\n<p>Yn olaf, bydd Dasha hefyd yn ymuno \u00e2 Carrie, ein Gweithiwr Ymgysylltu Ieuenctid a Phlant, i ddarparu hyfforddiant ystyrlon a chyfleoedd profiad gwaith i bobl ifanc, naill ai fel rhan o&#8217;u gwaith gwirfoddoli, neu i&#8217;w helpu gyda gyrfaoedd a chymorth arall sy&#8217;n gysylltiedig \u00e2 chyflogaeth.<\/p>\n\n<p>Wrth i ni aros yn eiddgar am ailagor Caffi Caredig, rydym yn eich annog i gadw mewn cysylltiad \u00e2 ni trwy ein gwefan a sianeli cyfryngau cymdeithasol. Byddwn yn rhannu diweddariadau ar yr union ddyddiad ailagor, digwyddiadau sydd i ddod, a chreadigaethau bwydlen gyffrous Dasha. Gwnewch yn si\u0175r eich bod yn nodi eich calendrau ac ymunwch \u00e2 ni i ddathlu adfywiad Caffi Caredig!<\/p>\n\n<p>Diolch am eich cefnogaeth ddiwyro ac am fod yn rhan annatod o\u2019n taith. Gyda\u2019n gilydd, gallwn wneud gwahaniaeth a dod \u00e2 newid cadarnhaol i\u2019n cymuned, un cwpanaid o goffi ar y tro.<\/p>\n","protected":false},"excerpt":{"rendered":"<p>Mae&#8217;n bleser gennym gyhoeddi y bydd Caffi Caredig, y trelar ceffyl wedi&#8217;i drawsnewid sy&#8217;n dod \u00e2 choffi, te a bwyd o ffynonellau moesegol i chi tra&#8217;n lleihau gwastraff, yn ailagor yn fuan iawn! Ar \u00f4l gwyliau\u2019r gaeaf, rydym yn awyddus i fynd yn \u00f4l ar y ffordd a gwasanaethu ein cymuned unwaith eto.<\/p>\n","protected":false},"author":653,"featured_media":57079,"comment_status":"open","ping_status":"closed","sticky":false,"template":"","format":"standard","meta":{"give_campaign_id":0,"_jetpack_memberships_contains_paid_content":false,"footnotes":""},"categories":[400],"tags":[716,715,430,416],"class_list":["post-57081","post","type-post","status-publish","format-standard","has-post-thumbnail","hentry","category-caffi-caredig-cy","tag-cyfleoedd-cyflogaeth","tag-daria-znatkova-cy","tag-menter-gymdeithasol","tag-wcrain"],"jetpack_featured_media_url":"https:\/\/theparishtrust.org.uk\/wp-content\/uploads\/2023\/05\/Caffi-Caredig-Announcement-scaled.jpg","jetpack_sharing_enabled":true,"_links":{"self":[{"href":"https:\/\/theparishtrust.org.uk\/cy\/wp-json\/wp\/v2\/posts\/57081","targetHints":{"allow":["GET"]}}],"collection":[{"href":"https:\/\/theparishtrust.org.uk\/cy\/wp-json\/wp\/v2\/posts"}],"about":[{"href":"https:\/\/theparishtrust.org.uk\/cy\/wp-json\/wp\/v2\/types\/post"}],"author":[{"embeddable":true,"href":"https:\/\/theparishtrust.org.uk\/cy\/wp-json\/wp\/v2\/users\/653"}],"replies":[{"embeddable":true,"href":"https:\/\/theparishtrust.org.uk\/cy\/wp-json\/wp\/v2\/comments?post=57081"}],"version-history":[{"count":0,"href":"https:\/\/theparishtrust.org.uk\/cy\/wp-json\/wp\/v2\/posts\/57081\/revisions"}],"wp:featuredmedia":[{"embeddable":true,"href":"https:\/\/theparishtrust.org.uk\/cy\/wp-json\/wp\/v2\/media\/57079"}],"wp:attachment":[{"href":"https:\/\/theparishtrust.org.uk\/cy\/wp-json\/wp\/v2\/media?parent=57081"}],"wp:term":[{"taxonomy":"category","embeddable":true,"href":"https:\/\/theparishtrust.org.uk\/cy\/wp-json\/wp\/v2\/categories?post=57081"},{"taxonomy":"post_tag","embeddable":true,"href":"https:\/\/theparishtrust.org.uk\/cy\/wp-json\/wp\/v2\/tags?post=57081"}],"curies":[{"name":"wp","href":"https:\/\/api.w.org\/{rel}","templated":true}]}}